{"id":396,"date":"2024-04-27T17:48:06","date_gmt":"2024-04-27T14:48:06","guid":{"rendered":"https:\/\/odyova.com\/haberler\/?p=396"},"modified":"2024-04-27T17:48:06","modified_gmt":"2024-04-27T14:48:06","slug":"gebelikte-koku-bozukluklari","status":"publish","type":"post","link":"https:\/\/odyova.com\/haberler\/gebelikte-koku-bozukluklari\/","title":{"rendered":"Gebelikte koku bozukluklar\u0131"},"content":{"rendered":"<figure><img decoding=\"async\" src=\"https:\/\/odyova.com\/haberler\/wp-content\/uploads\/2024\/04\/gebelikte-koku-bozukluklari-0-isFM8XJB.jpg\"><\/figure>\n<p> Koku alma duyusu,kaybetmeden veya de\u011fi\u015fiklik olmadan \u00f6nemi pek fark edilmeyen bir duyudur.<\/p>\n<p> Kokular, de\u011fi\u015fik bile\u015fiklerin kompleks bir kar\u0131\u015f\u0131m\u0131d\u0131r Koku almak i\u00e7in suda ya da ya\u011fda eriyebilen bile\u015fiklerin, yukar\u0131daki \u015fekilde g\u00f6r\u00fcld\u00fc\u011f\u00fc gibi,burun \u00fcst k\u0131sm\u0131nda yer alan koku duyusunu ta\u015f\u0131yan sinir u\u00e7lar\u0131n\u0131n  bulundu\u011fu koku mukozas\u0131 ile temas etmelidir\u0130nsanlarda bu b\u00f6lgenin b\u00fcy\u00fckl\u00fc\u011f\u00fc yakla\u015f\u0131k 2-4 cm2&#39;\u2019lik bir aland\u0131r.<\/p>\n<p><strong>Koku ile baz\u0131 t\u0131bbi kavramlar  a\u015fa\u011f\u0131daki gibidir:<\/strong><\/p>\n<p> Hiposmi : Kokularakar\u015f\u0131 duyarl\u0131l\u0131\u011f\u0131n azalmas\u0131, koku zay\u0131fl\u0131\u011f\u0131d\u0131r.K\u0131smi veya tamamen olabilir.<br \/> Hiperosmi : Kokulara kar\u015f\u0131 duyarl\u0131l\u0131\u011f\u0131n art\u0131\u015f\u0131d\u0131r. K\u0131smi veya tamamen olabilir.<\/p>\n<p> Dizosmi : Kokualma g\u00fc\u00e7l\u00fc\u011f\u00fcd\u00fcr.<br \/> Kakosmi : Kokuyu s\u00fcrekli k\u00f6t\u00fc koku \u015feklinde alg\u0131lamad\u0131r.<br \/> Parosmi : Kokunun tersini alg\u0131lamak, kokuda kalitatif de\u011fi\u015fikliktir.<br \/> Fantosmi  : Koku hal\u00fcsinasyonudur.<br \/> Heterosmi : Farkl\u0131 kokular\u0131 birbirinden ay\u0131rt etme g\u00fc\u00e7l\u00fc\u011f\u00fcd\u00fcr.<br \/> Agnozi : Kokuyu almas\u0131na kar\u015f\u0131 yanl\u0131\u015f s\u0131n\u0131flama bozuklu\u011fudur.<\/p>\n<p> Cinsiyet ile koku duyusu aras\u0131nda bir ili\u015fki oldu\u011fu tahmin edilmektedir, ancak bu konuda yeterli \u00e7al\u0131\u015fma bulunmamaktad\u0131r.\u00d6strojen hormonunun respiratuar( solunum  ) mukozada hiperemiye (k\u0131zar\u0131kl\u0131k) yol a\u00e7t\u0131\u011f\u0131, progesteron hormonunun ise konkalardaki ( her iki burun bo\u015flu\u011funda bulunan etsi yap\u0131lar ) erektil doku \u00fczerine etkili oldu\u011fu bilinmektedir. Klinik g\u00f6zlemler kad\u0131nlarda mensturasyon d\u00f6nemlerinde burun kanamalar\u0131n\u0131n artt\u0131\u011f\u0131 ve koku alma e\u015fiklerinin y\u00fckseldi\u011fini g\u00f6stermi\u015ftir. Gebelikte ise koku alma e\u015fi\u011fi ilk iki ayda y\u00fckselir sonra normale d\u00f6ner. Hormonal de\u011fi\u015fiklikler burun salg\u0131s\u0131n\u0131  de\u011fi\u015ftirerek koku alma \u00fczerine etki ederler.<\/p>\n<p> Gebelikte hormonal de\u011fi\u015fiklikler ve kilo al\u0131m\u0131yla birlikte burun t\u0131kan\u0131kl\u0131\u011f\u0131 \u015fikayetleri artar. Bu duruma gebelik riniti denir. Hamilelerin burun i\u00e7i etlerinin ve damarlar\u0131n\u0131n \u015fi\u015fmesinden dolay\u0131 \u00f6zellikle gebeli\u011fin son d\u00f6nemlerinde burun t\u0131kan\u0131kl\u0131\u011f\u0131 \u015fikayetleri artar.\u0130la\u00e7 kullan\u0131lmas\u0131n\u0131n sak\u0131ncal\u0131 olabilece\u011fi bu d\u00f6nemde ilk yap\u0131lacak \u015fey yatak ba\u015f\u0131n\u0131 y\u00fckseltmek ve oday\u0131 nemlendirmektir. Tuzlu su spreyleri de kullan\u0131labilir.<\/p>\n<p> Gebeli\u011fin 6.haftas\u0131ndan itibaren genellikle sabahlar\u0131, \u00f6\u011f\u00fcrme,bulant\u0131,kusma g\u00f6r\u00fclebilir, Bu \u015fikayetleri,yemek kokular\u0131 ,ho\u015f olmayan kokular,parf\u00fcm kokular\u0131 daha da artt\u0131rabilir.Hasta daha \u00f6nceleri severek yedi\u011fi g\u0131dalara kar\u015f\u0131  tiksinti duyabilir, mevsimi olmayan yiyecekleri, tatl\u0131 ve ek\u015fi yiyecekleri ayn\u0131 anda arzulayabilir. Gebeli\u011fe ba\u011fl\u0131, psikolojik bir davran\u0131\u015f bi\u00e7imi mi yoksa ger\u00e7ek fiziksel bir nedenden mi kaynakland\u0131\u011f\u0131, tam olarak bilinmeyen, bu istek ve davran\u0131\u015flara genel olarak \u2018a\u015ferme\u2019 denilir. 16.haftaya kadar  devam eden bu durum koku ve tatlara  kar\u015f\u0131 duyarl\u0131l\u0131\u011f\u0131  art\u0131rd\u0131\u011f\u0131 d\u00fc\u015f\u00fcn\u00fclmektedir.<\/p>\n<p><\/p>\n","protected":false},"excerpt":{"rendered":"<p>Gebelikte koku bozukluklar\u0131 Konu hakk\u0131nda detayl\u0131 ve g\u00fcncel bilgiler i\u00e7in bu makaleyi okuyun<\/p>\n","protected":false},"author":1,"featured_media":397,"comment_status":"open","ping_status":"open","sticky":false,"template":"","format":"standard","meta":{"footnotes":""},"categories":[18],"tags":[32,116],"class_list":["post-396","post","type-post","status-publish","format-standard","has-post-thumbnail","hentry","category-kulak-burun-bogaz","tag-burun","tag-koku"],"_links":{"self":[{"href":"https:\/\/odyova.com\/haberler\/wp-json\/wp\/v2\/posts\/396","targetHints":{"allow":["GET"]}}],"collection":[{"href":"https:\/\/odyova.com\/haberler\/wp-json\/wp\/v2\/posts"}],"about":[{"href":"https:\/\/odyova.com\/haberler\/wp-json\/wp\/v2\/types\/post"}],"author":[{"embeddable":true,"href":"https:\/\/odyova.com\/haberler\/wp-json\/wp\/v2\/users\/1"}],"replies":[{"embeddable":true,"href":"https:\/\/odyova.com\/haberler\/wp-json\/wp\/v2\/comments?post=396"}],"version-history":[{"count":1,"href":"https:\/\/odyova.com\/haberler\/wp-json\/wp\/v2\/posts\/396\/revisions"}],"predecessor-version":[{"id":399,"href":"https:\/\/odyova.com\/haberler\/wp-json\/wp\/v2\/posts\/396\/revisions\/399"}],"wp:featuredmedia":[{"embeddable":true,"href":"https:\/\/odyova.com\/haberler\/wp-json\/wp\/v2\/media\/397"}],"wp:attachment":[{"href":"https:\/\/odyova.com\/haberler\/wp-json\/wp\/v2\/media?parent=396"}],"wp:term":[{"taxonomy":"category","embeddable":true,"href":"https:\/\/odyova.com\/haberler\/wp-json\/wp\/v2\/categories?post=396"},{"taxonomy":"post_tag","embeddable":true,"href":"https:\/\/odyova.com\/haberler\/wp-json\/wp\/v2\/tags?post=396"}],"curies":[{"name":"wp","href":"https:\/\/api.w.org\/{rel}","templated":true}]}}